{"id":30541,"date":"2016-06-23T06:37:00","date_gmt":"2016-06-23T05:37:00","guid":{"rendered":"\/fr\/2016\/06\/in-funzione-il-sistema-di-stao72-le-mans\/"},"modified":"2016-06-24T17:24:18","modified_gmt":"2016-06-24T16:24:18","slug":"in-funzione-il-sistema-di-stao72-le-mans","status":"publish","type":"post","link":"https:\/\/www.aep-italia.it\/fr\/2016\/06\/in-funzione-il-sistema-di-stao72-le-mans\/","title":{"rendered":"V\u00e9rification finale du syst\u00e8me STAO72 (Le Mans)"},"content":{"rendered":"<p>Le\u00a031 mai 2016, la V\u00e9rification de Service R\u00e9gulier du nouveau syst\u00e8me AEP r\u00e9alis\u00e9 pour <a href=\"http:\/\/www.stao72.fr\/\">Transdev STAO<\/a> du\u00a0Mans (France) a \u00e9t\u00e9 sign\u00e9e.<\/p>\n<p>La c\u00e9r\u00e9monie\u00a0a eu lieu en la pr\u00e9sence des responsables du D\u00e9partement de la Sarthe STAO72 avec\u00a0M. R\u00e9gis Vallienne (Pr\u00e9sident du D\u00e9partement), M. Jean-Jacques Bogault (Chef de service Transports scolaires &amp; voyageurs), du Directeur de STAO72 M. Lehuger Jean-Louis et du\u00a0Responsable Syst\u00e8me\u00a0Billettique\u00a0M. Patrice Ozan. Pour AEP, \u00e9taient pr\u00e9sents\u00a0M. Luigi Sassoli, directeur technique, et Mme\u00a0Mary Sarry, chef de projet, ainsi que les repr\u00e9sentants fran\u00e7ais d&rsquo;AEP, Mme\u00a0Marcella Cester et M. Albert Guillou.<\/p>\n","protected":false},"excerpt":{"rendered":"<p>Le\u00a031 mai 2016, la V\u00e9rification de Service R\u00e9gulier du nouveau syst\u00e8me AEP r\u00e9alis\u00e9 pour Transdev STAO du\u00a0Mans (France) a \u00e9t\u00e9 sign\u00e9e. La c\u00e9r\u00e9monie\u00a0a eu lieu en la pr\u00e9sence des responsables du D\u00e9partement de la Sarthe STAO72 avec\u00a0M. R\u00e9gis Vallienne (Pr\u00e9sident du D\u00e9partement), M. Jean-Jacques Bogault (Chef de service Transports scolaires &amp; voyageurs), du Directeur de [&hellip;]<\/p>\n","protected":false},"author":12,"featured_media":30308,"comment_status":"closed","ping_status":"closed","sticky":false,"template":"","format":"standard","meta":{"ngg_post_thumbnail":0},"categories":[81],"tags":[],"yoast_head":"<!-- This site is optimized with the Yoast SEO plugin v15.9.1 - https:\/\/yoast.com\/wordpress\/plugins\/seo\/ -->\n<title>V\u00e9rification finale du syst\u00e8me STAO72 (Le Mans) - AEP Ticketing Solutions<\/title>\n<meta name=\"robots\" content=\"index, follow, max-snippet:-1, max-image-preview:large, max-video-preview:-1\" \/>\n<link rel=\"canonical\" href=\"https:\/\/www.aep-italia.it\/fr\/2016\/06\/in-funzione-il-sistema-di-stao72-le-mans\/\" \/>\n<meta property=\"og:locale\" content=\"fr_FR\" \/>\n<meta property=\"og:type\" content=\"article\" \/>\n<meta property=\"og:title\" content=\"V\u00e9rification finale du syst\u00e8me STAO72 (Le Mans) - AEP Ticketing Solutions\" \/>\n<meta property=\"og:description\" content=\"Le\u00a031 mai 2016, la V\u00e9rification de Service R\u00e9gulier du nouveau syst\u00e8me AEP r\u00e9alis\u00e9 pour Transdev STAO du\u00a0Mans (France) a \u00e9t\u00e9 sign\u00e9e. La c\u00e9r\u00e9monie\u00a0a eu lieu en la pr\u00e9sence des responsables du D\u00e9partement de la Sarthe STAO72 avec\u00a0M. R\u00e9gis Vallienne (Pr\u00e9sident du D\u00e9partement), M. Jean-Jacques Bogault (Chef de service Transports scolaires &amp; voyageurs), du Directeur de [&hellip;]\" \/>\n<meta property=\"og:url\" content=\"https:\/\/www.aep-italia.it\/fr\/2016\/06\/in-funzione-il-sistema-di-stao72-le-mans\/\" \/>\n<meta property=\"og:site_name\" content=\"AEP Ticketing Solutions\" \/>\n<meta property=\"article:published_time\" content=\"2016-06-23T05:37:00+00:00\" \/>\n<meta property=\"article:modified_time\" content=\"2016-06-24T16:24:18+00:00\" \/>\n<meta property=\"og:image\" content=\"https:\/\/www.aep-italia.it\/wp-content\/uploads\/2016\/06\/STAO72-Le-Mans.jpg\" \/>\n\t<meta property=\"og:image:width\" content=\"500\" \/>\n\t<meta property=\"og:image:height\" content=\"375\" \/>\n<meta name=\"twitter:label1\" content=\"Dur\u00e9e de lecture est.\">\n\t<meta name=\"twitter:data1\" content=\"1 minute\">\n<script type=\"application\/ld+json\" class=\"yoast-schema-graph\">{\"@context\":\"https:\/\/schema.org\",\"@graph\":[{\"@type\":\"WebSite\",\"@id\":\"https:\/\/www.aep-italia.it\/it\/#website\",\"url\":\"https:\/\/www.aep-italia.it\/it\/\",\"name\":\"AEP Ticketing Solutions\",\"description\":\"Our priority your Mobility\",\"potentialAction\":[{\"@type\":\"SearchAction\",\"target\":\"https:\/\/www.aep-italia.it\/it\/?s={search_term_string}\",\"query-input\":\"required name=search_term_string\"}],\"inLanguage\":\"fr-FR\"},{\"@type\":\"ImageObject\",\"@id\":\"https:\/\/www.aep-italia.it\/fr\/2016\/06\/in-funzione-il-sistema-di-stao72-le-mans\/#primaryimage\",\"inLanguage\":\"fr-FR\",\"url\":\"https:\/\/www.aep-italia.it\/wp-content\/uploads\/2016\/06\/STAO72-Le-Mans.jpg\",\"width\":500,\"height\":375},{\"@type\":\"WebPage\",\"@id\":\"https:\/\/www.aep-italia.it\/fr\/2016\/06\/in-funzione-il-sistema-di-stao72-le-mans\/#webpage\",\"url\":\"https:\/\/www.aep-italia.it\/fr\/2016\/06\/in-funzione-il-sistema-di-stao72-le-mans\/\",\"name\":\"V\\u00e9rification finale du syst\\u00e8me STAO72 (Le Mans) - AEP Ticketing Solutions\",\"isPartOf\":{\"@id\":\"https:\/\/www.aep-italia.it\/it\/#website\"},\"primaryImageOfPage\":{\"@id\":\"https:\/\/www.aep-italia.it\/fr\/2016\/06\/in-funzione-il-sistema-di-stao72-le-mans\/#primaryimage\"},\"datePublished\":\"2016-06-23T05:37:00+00:00\",\"dateModified\":\"2016-06-24T16:24:18+00:00\",\"author\":{\"@id\":\"https:\/\/www.aep-italia.it\/it\/#\/schema\/person\/e81a8223b75ffa193a995a0cf921d7a9\"},\"breadcrumb\":{\"@id\":\"https:\/\/www.aep-italia.it\/fr\/2016\/06\/in-funzione-il-sistema-di-stao72-le-mans\/#breadcrumb\"},\"inLanguage\":\"fr-FR\",\"potentialAction\":[{\"@type\":\"ReadAction\",\"target\":[\"https:\/\/www.aep-italia.it\/fr\/2016\/06\/in-funzione-il-sistema-di-stao72-le-mans\/\"]}]},{\"@type\":\"BreadcrumbList\",\"@id\":\"https:\/\/www.aep-italia.it\/fr\/2016\/06\/in-funzione-il-sistema-di-stao72-le-mans\/#breadcrumb\",\"itemListElement\":[{\"@type\":\"ListItem\",\"position\":1,\"item\":{\"@type\":\"WebPage\",\"@id\":\"https:\/\/www.aep-italia.it\/fr\/\",\"url\":\"https:\/\/www.aep-italia.it\/fr\/\",\"name\":\"Home\"}},{\"@type\":\"ListItem\",\"position\":2,\"item\":{\"@type\":\"WebPage\",\"@id\":\"https:\/\/www.aep-italia.it\/fr\/2016\/06\/in-funzione-il-sistema-di-stao72-le-mans\/\",\"url\":\"https:\/\/www.aep-italia.it\/fr\/2016\/06\/in-funzione-il-sistema-di-stao72-le-mans\/\",\"name\":\"V\\u00e9rification finale du syst\\u00e8me STAO72 (Le Mans)\"}}]},{\"@type\":\"Person\",\"@id\":\"https:\/\/www.aep-italia.it\/it\/#\/schema\/person\/e81a8223b75ffa193a995a0cf921d7a9\",\"name\":\"Giovanni Becattini\",\"image\":{\"@type\":\"ImageObject\",\"@id\":\"https:\/\/www.aep-italia.it\/it\/#personlogo\",\"inLanguage\":\"fr-FR\",\"url\":\"https:\/\/secure.gravatar.com\/avatar\/1d32d6c8b42c52285bce1fa6156ff669?s=96&d=mm&r=g\",\"caption\":\"Giovanni Becattini\"}}]}<\/script>\n<!-- \/ Yoast SEO plugin. -->","_links":{"self":[{"href":"https:\/\/www.aep-italia.it\/fr\/wp-json\/wp\/v2\/posts\/30541"}],"collection":[{"href":"https:\/\/www.aep-italia.it\/fr\/wp-json\/wp\/v2\/posts"}],"about":[{"href":"https:\/\/www.aep-italia.it\/fr\/wp-json\/wp\/v2\/types\/post"}],"author":[{"embeddable":true,"href":"https:\/\/www.aep-italia.it\/fr\/wp-json\/wp\/v2\/users\/12"}],"replies":[{"embeddable":true,"href":"https:\/\/www.aep-italia.it\/fr\/wp-json\/wp\/v2\/comments?post=30541"}],"version-history":[{"count":3,"href":"https:\/\/www.aep-italia.it\/fr\/wp-json\/wp\/v2\/posts\/30541\/revisions"}],"predecessor-version":[{"id":30545,"href":"https:\/\/www.aep-italia.it\/fr\/wp-json\/wp\/v2\/posts\/30541\/revisions\/30545"}],"wp:featuredmedia":[{"embeddable":true,"href":"https:\/\/www.aep-italia.it\/fr\/wp-json\/wp\/v2\/media\/30308"}],"wp:attachment":[{"href":"https:\/\/www.aep-italia.it\/fr\/wp-json\/wp\/v2\/media?parent=30541"}],"wp:term":[{"taxonomy":"category","embeddable":true,"href":"https:\/\/www.aep-italia.it\/fr\/wp-json\/wp\/v2\/categories?post=30541"},{"taxonomy":"post_tag","embeddable":true,"href":"https:\/\/www.aep-italia.it\/fr\/wp-json\/wp\/v2\/tags?post=30541"}],"curies":[{"name":"wp","href":"https:\/\/api.w.org\/{rel}","templated":true}]}}